{"id":86,"date":"2025-09-22T16:36:33","date_gmt":"2025-09-22T19:36:33","guid":{"rendered":"https:\/\/www.blisterembalagens.com.br\/blog\/?p=86"},"modified":"2025-09-22T16:37:21","modified_gmt":"2025-09-22T19:37:21","slug":"onde-comprar-embalagens-para-eletroeletronicos","status":"publish","type":"post","link":"https:\/\/www.blisterembalagens.com.br\/blog\/2025\/09\/22\/onde-comprar-embalagens-para-eletroeletronicos\/","title":{"rendered":"Onde comprar embalagens para eletroeletr\u00f4nicos direto da f\u00e1brica"},"content":{"rendered":"<span class=\"rt-reading-time\" style=\"display: block;\"><span class=\"rt-label rt-prefix\">Tempo de leitura: <\/span> <span class=\"rt-time\">4<\/span> <span class=\"rt-label rt-postfix\">minutos<\/span><\/span>\n<p><strong><em>Descubra onde comprar embalagens para eletroeletr\u00f4nicos direto da f\u00e1brica, garantindo prote\u00e7\u00e3o, personaliza\u00e7\u00e3o e custo competitivo para seus produtos.<\/em><\/strong><\/p>\n\n\n\n<p><strong>Comprar embalagens para eletroeletr\u00f4nicos<\/strong> \u00e9 uma necessidade estrat\u00e9gica para empresas que desejam reduzir perdas e proteger seus produtos durante transporte e armazenamento.&nbsp;<\/p>\n\n\n\n<p>Muitas vezes, os gestores enfrentam problemas com avarias e custos extras pela escolha de embalagens inadequadas.<\/p>\n\n\n\n<p>Optar por fornecedores especializados resolve essa quest\u00e3o. Ao comprar direto da f\u00e1brica, \u00e9 poss\u00edvel garantir <strong>qualidade superior, personaliza\u00e7\u00e3o e pre\u00e7os competitivos<\/strong>. Al\u00e9m disso, f\u00e1bricas como a Blister oferecem inova\u00e7\u00e3o constante e solu\u00e7\u00f5es alinhadas \u00e0s exig\u00eancias do mercado.<\/p>\n\n\n\n<p>Neste conte\u00fado, vamos mostrar os diferenciais das embalagens para eletroeletr\u00f4nicos da Blister e explicar como escolher a melhor op\u00e7\u00e3o para sua empresa.<\/p>\n\n\n\n<p><a href=\"https:\/\/www.blisterembalagens.com.br\/blog\/2024\/08\/27\/embalagem-para-industria-como-escolher-a-melhor-opcao-para-proteger-seus-produtos\/\"><a href=\"https:\/\/www.blisterembalagens.com.br\/blog\/2024\/10\/01\/embalagens-para-eletroeletronicos-o-guia-completo-para-proteger-e-valorizar-seus-produtos\/\">Embalagens para eletroeletr\u00f4nicos: O guia completo para proteger e valorizar seus produtos<\/a><\/a><\/p>\n\n\n\n<div id=\"ez-toc-container\" class=\"ez-toc-v2_0_68_1 counter-hierarchy ez-toc-counter ez-toc-grey ez-toc-container-direction\">\n<div class=\"ez-toc-title-container\">\n<p class=\"ez-toc-title \" >T&oacute;picos deste artigo<\/p>\n<span class=\"ez-toc-title-toggle\"><a href=\"#\" class=\"ez-toc-pull-right ez-toc-btn ez-toc-btn-xs ez-toc-btn-default ez-toc-toggle\" aria-label=\"Toggle Table of Content\"><span class=\"ez-toc-js-icon-con\"><span class=\"\"><span class=\"eztoc-hide\" style=\"display:none;\">Toggle<\/span><span class=\"ez-toc-icon-toggle-span\"><svg style=\"fill: #999;color:#999\" xmlns=\"http:\/\/www.w3.org\/2000\/svg\" class=\"list-377408\" width=\"20px\" height=\"20px\" viewBox=\"0 0 24 24\" fill=\"none\"><path d=\"M6 6H4v2h2V6zm14 0H8v2h12V6zM4 11h2v2H4v-2zm16 0H8v2h12v-2zM4 16h2v2H4v-2zm16 0H8v2h12v-2z\" fill=\"currentColor\"><\/path><\/svg><svg style=\"fill: #999;color:#999\" class=\"arrow-unsorted-368013\" xmlns=\"http:\/\/www.w3.org\/2000\/svg\" width=\"10px\" height=\"10px\" viewBox=\"0 0 24 24\" version=\"1.2\" baseProfile=\"tiny\"><path d=\"M18.2 9.3l-6.2-6.3-6.2 6.3c-.2.2-.3.4-.3.7s.1.5.3.7c.2.2.4.3.7.3h11c.3 0 .5-.1.7-.3.2-.2.3-.5.3-.7s-.1-.5-.3-.7zM5.8 14.7l6.2 6.3 6.2-6.3c.2-.2.3-.5.3-.7s-.1-.5-.3-.7c-.2-.2-.4-.3-.7-.3h-11c-.3 0-.5.1-.7.3-.2.2-.3.5-.3.7s.1.5.3.7z\"\/><\/svg><\/span><\/span><\/span><\/a><\/span><\/div>\n<nav><ul class='ez-toc-list ez-toc-list-level-1 ' ><li class='ez-toc-page-1 ez-toc-heading-level-2'><a class=\"ez-toc-link ez-toc-heading-1\" href=\"https:\/\/www.blisterembalagens.com.br\/blog\/2025\/09\/22\/onde-comprar-embalagens-para-eletroeletronicos\/#Por_que_comprar_embalagens_direto_da_fabrica\" title=\"Por que comprar embalagens direto da f\u00e1brica\">Por que comprar embalagens direto da f\u00e1brica<\/a><\/li><li class='ez-toc-page-1 ez-toc-heading-level-2'><a class=\"ez-toc-link ez-toc-heading-2\" href=\"https:\/\/www.blisterembalagens.com.br\/blog\/2025\/09\/22\/onde-comprar-embalagens-para-eletroeletronicos\/#Tipos_de_embalagens_para_eletroeletronicos\" title=\"Tipos de embalagens para eletroeletr\u00f4nicos\">Tipos de embalagens para eletroeletr\u00f4nicos<\/a><ul class='ez-toc-list-level-4' ><li class='ez-toc-heading-level-4'><ul class='ez-toc-list-level-4' ><li class='ez-toc-heading-level-4'><a class=\"ez-toc-link ez-toc-heading-3\" href=\"https:\/\/www.blisterembalagens.com.br\/blog\/2025\/09\/22\/onde-comprar-embalagens-para-eletroeletronicos\/#Embalagens_plasticas\" title=\"Embalagens pl\u00e1sticas\">Embalagens pl\u00e1sticas<\/a><\/li><li class='ez-toc-page-1 ez-toc-heading-level-4'><a class=\"ez-toc-link ez-toc-heading-4\" href=\"https:\/\/www.blisterembalagens.com.br\/blog\/2025\/09\/22\/onde-comprar-embalagens-para-eletroeletronicos\/#Embalagens_personalizadas\" title=\"Embalagens personalizadas\">Embalagens personalizadas<\/a><\/li><li class='ez-toc-page-1 ez-toc-heading-level-4'><a class=\"ez-toc-link ez-toc-heading-5\" href=\"https:\/\/www.blisterembalagens.com.br\/blog\/2025\/09\/22\/onde-comprar-embalagens-para-eletroeletronicos\/#Embalagens_sustentaveis\" title=\"Embalagens sustent\u00e1veis\">Embalagens sustent\u00e1veis<\/a><\/li><li class='ez-toc-page-1 ez-toc-heading-level-4'><a class=\"ez-toc-link ez-toc-heading-6\" href=\"https:\/\/www.blisterembalagens.com.br\/blog\/2025\/09\/22\/onde-comprar-embalagens-para-eletroeletronicos\/#Embalagens_de_protecao\" title=\"Embalagens de prote\u00e7\u00e3o\">Embalagens de prote\u00e7\u00e3o<\/a><\/li><\/ul><\/li><\/ul><\/li><li class='ez-toc-page-1 ez-toc-heading-level-2'><a class=\"ez-toc-link ez-toc-heading-7\" href=\"https:\/\/www.blisterembalagens.com.br\/blog\/2025\/09\/22\/onde-comprar-embalagens-para-eletroeletronicos\/#O_diferencial_do_design_estrategico\" title=\"O diferencial do design estrat\u00e9gico\">O diferencial do design estrat\u00e9gico<\/a><\/li><li class='ez-toc-page-1 ez-toc-heading-level-2'><a class=\"ez-toc-link ez-toc-heading-8\" href=\"https:\/\/www.blisterembalagens.com.br\/blog\/2025\/09\/22\/onde-comprar-embalagens-para-eletroeletronicos\/#Beneficios_de_comprar_direto_da_Blister\" title=\"Benef\u00edcios de comprar direto da Blister\">Benef\u00edcios de comprar direto da Blister<\/a><\/li><li class='ez-toc-page-1 ez-toc-heading-level-2'><a class=\"ez-toc-link ez-toc-heading-9\" href=\"https:\/\/www.blisterembalagens.com.br\/blog\/2025\/09\/22\/onde-comprar-embalagens-para-eletroeletronicos\/#Como_escolher_a_embalagem_certa_para_sua_empresa\" title=\"Como escolher a embalagem certa para sua empresa\">Como escolher a embalagem certa para sua empresa<\/a><\/li><li class='ez-toc-page-1 ez-toc-heading-level-2'><a class=\"ez-toc-link ez-toc-heading-10\" href=\"https:\/\/www.blisterembalagens.com.br\/blog\/2025\/09\/22\/onde-comprar-embalagens-para-eletroeletronicos\/#Impacto_das_embalagens_no_ponto_de_venda\" title=\"Impacto das embalagens no ponto de venda\">Impacto das embalagens no ponto de venda<\/a><\/li><li class='ez-toc-page-1 ez-toc-heading-level-2'><a class=\"ez-toc-link ez-toc-heading-11\" href=\"https:\/\/www.blisterembalagens.com.br\/blog\/2025\/09\/22\/onde-comprar-embalagens-para-eletroeletronicos\/#Onde_comprar_embalagens_para_eletroeletronicos\" title=\"Onde comprar embalagens para eletroeletr\u00f4nicos\">Onde comprar embalagens para eletroeletr\u00f4nicos<\/a><\/li><\/ul><\/nav><\/div>\n<h2 class=\"wp-block-heading\"><span class=\"ez-toc-section\" id=\"Por_que_comprar_embalagens_direto_da_fabrica\"><\/span>Por que comprar embalagens direto da f\u00e1brica<span class=\"ez-toc-section-end\"><\/span><\/h2>\n\n\n\n<p>Comprar embalagens para eletroeletr\u00f4nicos direto da f\u00e1brica significa obter mais controle sobre custo, qualidade e prazos de entrega. Essa escolha traz <strong>vantagens que v\u00e3o al\u00e9m da economia<\/strong>.<\/p>\n\n\n\n<p>Ao negociar direto, \u00e9 poss\u00edvel customizar projetos, criar embalagens personalizadas e adaptar formatos para diferentes dispositivos. Outra vantagem \u00e9 a redu\u00e7\u00e3o de intermedi\u00e1rios, o que resulta em pre\u00e7os mais justos.<\/p>\n\n\n\n<p>Al\u00e9m disso, f\u00e1bricas especializadas trabalham com <strong>pl\u00e1sticos resistentes e flex\u00edveis<\/strong>, garantindo maior prote\u00e7\u00e3o aos itens fr\u00e1geis. Isso evita preju\u00edzos com devolu\u00e7\u00f5es e reclama\u00e7\u00f5es.<\/p>\n\n\n\n<h2 class=\"wp-block-heading\"><span class=\"ez-toc-section\" id=\"Tipos_de_embalagens_para_eletroeletronicos\"><\/span>Tipos de embalagens para eletroeletr\u00f4nicos<span class=\"ez-toc-section-end\"><\/span><\/h2>\n\n\n\n<p>As op\u00e7\u00f5es s\u00e3o variadas e cada modelo atende a necessidades espec\u00edficas. Entre os principais, destacam-se:<\/p>\n\n\n\n<h4 class=\"wp-block-heading\"><span class=\"ez-toc-section\" id=\"Embalagens_plasticas\"><\/span>Embalagens pl\u00e1sticas<span class=\"ez-toc-section-end\"><\/span><\/h4>\n\n\n\n<p>As <strong>embalagens pl\u00e1sticas<\/strong> s\u00e3o amplamente utilizadas pela sua versatilidade e durabilidade. Elas podem ser moldadas para diferentes tamanhos e formatos de dispositivos, garantindo ajuste perfeito.<\/p>\n\n\n\n<p>S\u00e3o ideais para empresas que precisam de solu\u00e7\u00f5es resistentes e pr\u00e1ticas para o transporte e o armazenamento de produtos eletr\u00f4nicos.<\/p>\n\n\n<div class=\"wp-block-image\">\n<figure class=\"alignright size-full is-resized\"><img loading=\"lazy\" decoding=\"async\" width=\"689\" height=\"689\" src=\"https:\/\/www.blisterembalagens.com.br\/blog\/wp-content\/uploads\/2025\/05\/embalagens-para-eletro-eletronicos.jpg\" alt=\"Onde comprar embalagens para eletroeletr\u00f4nicos direto da f\u00e1brica\" class=\"wp-image-72\" style=\"width:320px;height:auto\" srcset=\"https:\/\/www.blisterembalagens.com.br\/blog\/wp-content\/uploads\/2025\/05\/embalagens-para-eletro-eletronicos.jpg 689w, https:\/\/www.blisterembalagens.com.br\/blog\/wp-content\/uploads\/2025\/05\/embalagens-para-eletro-eletronicos-300x300.jpg 300w, https:\/\/www.blisterembalagens.com.br\/blog\/wp-content\/uploads\/2025\/05\/embalagens-para-eletro-eletronicos-150x150.jpg 150w\" sizes=\"auto, (max-width: 689px) 100vw, 689px\" \/><\/figure>\n<\/div>\n\n\n<h4 class=\"wp-block-heading\"><span class=\"ez-toc-section\" id=\"Embalagens_personalizadas\"><\/span>Embalagens personalizadas<span class=\"ez-toc-section-end\"><\/span><\/h4>\n\n\n\n<p>As <strong>embalagens personalizadas<\/strong> permitem que a marca tenha maior presen\u00e7a no ponto de venda. Com design exclusivo, \u00e9 poss\u00edvel incluir logotipos, cores e formatos que refor\u00e7am a identidade visual.<\/p>\n\n\n\n<p>Al\u00e9m do apelo est\u00e9tico, esse tipo de embalagem tamb\u00e9m melhora a experi\u00eancia do consumidor e ajuda na decis\u00e3o de compra.<\/p>\n\n\n\n<h4 class=\"wp-block-heading\"><span class=\"ez-toc-section\" id=\"Embalagens_sustentaveis\"><\/span>Embalagens sustent\u00e1veis<span class=\"ez-toc-section-end\"><\/span><\/h4>\n\n\n\n<p>As <strong>embalagens sustent\u00e1veis<\/strong> est\u00e3o em alta. Desenvolvidas com materiais recicl\u00e1veis e biodegrad\u00e1veis, elas atendem \u00e0 demanda crescente por solu\u00e7\u00f5es ambientalmente respons\u00e1veis.<\/p>\n\n\n\n<p>Optar por embalagens sustent\u00e1veis tamb\u00e9m melhora a imagem da empresa e fortalece sua reputa\u00e7\u00e3o no mercado.<\/p>\n\n\n\n<h4 class=\"wp-block-heading\"><span class=\"ez-toc-section\" id=\"Embalagens_de_protecao\"><\/span>Embalagens de prote\u00e7\u00e3o<span class=\"ez-toc-section-end\"><\/span><\/h4>\n\n\n\n<p>As <strong>embalagens de prote\u00e7\u00e3o<\/strong> s\u00e3o projetadas para garantir seguran\u00e7a m\u00e1xima durante o transporte. Com refor\u00e7o estrutural, evitam impactos e avarias.<\/p>\n\n\n\n<p>Esse modelo \u00e9 indicado para produtos mais fr\u00e1geis ou de alto valor, como tablets e notebooks.<\/p>\n\n\n\n<h2 class=\"wp-block-heading\"><span class=\"ez-toc-section\" id=\"O_diferencial_do_design_estrategico\"><\/span>O diferencial do design estrat\u00e9gico<span class=\"ez-toc-section-end\"><\/span><\/h2>\n\n\n\n<p>O design das embalagens para eletroeletr\u00f4nicos n\u00e3o se limita \u00e0 est\u00e9tica. Ele contribui diretamente para aumentar as vendas no ponto de venda.<\/p>\n\n\n\n<p><strong>Janelas transparentes e aberturas planejadas<\/strong> permitem que o consumidor visualize o produto antes da compra, transmitindo confian\u00e7a. Isso gera uma experi\u00eancia mais atrativa e transparente.<\/p>\n\n\n\n<p>Outro ponto \u00e9 a clareza na comunica\u00e7\u00e3o. As embalagens trazem informa\u00e7\u00f5es t\u00e9cnicas e benef\u00edcios de forma vis\u00edvel, ajudando na decis\u00e3o do cliente.<\/p>\n\n\n\n<h2 class=\"wp-block-heading\"><span class=\"ez-toc-section\" id=\"Beneficios_de_comprar_direto_da_Blister\"><\/span>Benef\u00edcios de comprar direto da Blister<span class=\"ez-toc-section-end\"><\/span><\/h2>\n\n\n\n<p>A Blister \u00e9 refer\u00eancia no setor e oferece diferenciais importantes para empresas que buscam seguran\u00e7a e inova\u00e7\u00e3o. Entre os principais benef\u00edcios est\u00e3o:<\/p>\n\n\n\n<ul class=\"wp-block-list\">\n<li><strong>Economia em escala:<\/strong> pre\u00e7os competitivos para grandes quantidades.<\/li>\n\n\n\n<li><strong>Personaliza\u00e7\u00e3o avan\u00e7ada:<\/strong> embalagens sob medida para cada produto.<\/li>\n\n\n\n<li><strong>Tecnologia de ponta:<\/strong> uso de processos modernos para garantir efici\u00eancia.<\/li>\n\n\n\n<li><strong>Sustentabilidade:<\/strong> compromisso com materiais recicl\u00e1veis e biodegrad\u00e1veis.<\/li>\n\n\n\n<li><strong>Atendimento especializado:<\/strong> suporte consultivo para cada demanda.<\/li>\n<\/ul>\n\n\n\n<p>Ao unir inova\u00e7\u00e3o e responsabilidade ambiental, a Blister se destaca como parceira confi\u00e1vel para empresas que valorizam qualidade e diferencia\u00e7\u00e3o.<\/p>\n\n\n\n<h2 class=\"wp-block-heading\"><span class=\"ez-toc-section\" id=\"Como_escolher_a_embalagem_certa_para_sua_empresa\"><\/span>Como escolher a embalagem certa para sua empresa<span class=\"ez-toc-section-end\"><\/span><\/h2>\n\n\n\n<p>Na hora de <strong>comprar embalagens para eletroeletr\u00f4nicos<\/strong>, alguns crit\u00e9rios ajudam a tomar a melhor decis\u00e3o:<\/p>\n\n\n\n<ol class=\"wp-block-list\">\n<li><strong>Analisar o tipo de produto:<\/strong> escolha o modelo que oferece a prote\u00e7\u00e3o adequada para o item.<\/li>\n\n\n\n<li><strong>Verificar a resist\u00eancia dos materiais:<\/strong> embalagens fr\u00e1geis aumentam os riscos de perdas.<\/li>\n\n\n\n<li><strong>Considerar a personaliza\u00e7\u00e3o:<\/strong> embalagens personalizadas refor\u00e7am a marca e atraem mais clientes.<\/li>\n\n\n\n<li><strong>Avaliar o impacto ambiental:<\/strong> embalagens sustent\u00e1veis fortalecem a reputa\u00e7\u00e3o e atendem a consumidores conscientes.<\/li>\n<\/ol>\n\n\n\n<p>Esses pontos ajudam a garantir n\u00e3o apenas prote\u00e7\u00e3o, mas tamb\u00e9m <strong>valoriza\u00e7\u00e3o da marca no mercado<\/strong>.<\/p>\n\n\n\n<h2 class=\"wp-block-heading\"><span class=\"ez-toc-section\" id=\"Impacto_das_embalagens_no_ponto_de_venda\"><\/span>Impacto das embalagens no ponto de venda<span class=\"ez-toc-section-end\"><\/span><\/h2>\n\n\n\n<p>As embalagens funcionam como ferramentas de comunica\u00e7\u00e3o. Um design estrat\u00e9gico aumenta a visibilidade do produto e transmite confian\u00e7a ao cliente.<\/p>\n\n\n\n<p>Ao destacar diferenciais e informa\u00e7\u00f5es claras, elas se tornam parte importante da experi\u00eancia de compra. Al\u00e9m disso, o uso de <strong>design atrativo aliado \u00e0 prote\u00e7\u00e3o eficiente<\/strong> cria vantagem competitiva.<\/p>\n\n\n\n<p><a href=\"https:\/\/www.blisterembalagens.com.br\/blog\/2025\/05\/23\/onde-encontrar-embalagens-para-eletroeletronicos-no-abc-com-qualidade-garantida\/\">Onde encontrar embalagens para eletroeletr\u00f4nicos no ABC com qualidade garantida<\/a><\/p>\n\n\n\n<h2 class=\"wp-block-heading\"><span class=\"ez-toc-section\" id=\"Onde_comprar_embalagens_para_eletroeletronicos\"><\/span>Onde comprar embalagens para eletroeletr\u00f4nicos<span class=\"ez-toc-section-end\"><\/span><\/h2>\n\n\n\n<p>Para garantir seguran\u00e7a, economia e valoriza\u00e7\u00e3o no mercado, a melhor escolha \u00e9 <strong>comprar embalagens para eletroeletr\u00f4nicos direto da f\u00e1brica<\/strong>. A Blister oferece solu\u00e7\u00f5es que unem prote\u00e7\u00e3o, personaliza\u00e7\u00e3o e sustentabilidade.<\/p>\n\n\n\n<p>Mais do que proteger, suas embalagens ajudam a destacar os produtos, aumentar vendas e fortalecer a marca. Solicitar um or\u00e7amento direto da f\u00e1brica \u00e9 o pr\u00f3ximo passo para conquistar embalagens que realmente fazem a diferen\u00e7a.<\/p>\n\n\n\n<p><a href=\"https:\/\/www.blisterembalagens.com.br\/contato\"><strong><em>Entre em contato com a Blister e descubra como comprar embalagens para eletroeletr\u00f4nicos com condi\u00e7\u00f5es exclusivas direto da f\u00e1brica.<\/em><\/strong><\/a><\/p>\n","protected":false},"excerpt":{"rendered":"<p><span class=\"rt-reading-time\" style=\"display: block;\"><span class=\"rt-label rt-prefix\">Tempo de leitura: <\/span> <span class=\"rt-time\">4<\/span> <span class=\"rt-label rt-postfix\">minutos<\/span><\/span> Descubra onde comprar embalagens para eletroeletr\u00f4nicos direto da f\u00e1brica, garantindo prote\u00e7\u00e3o, personaliza\u00e7\u00e3o e custo competitivo para seus produtos. Comprar embalagens para eletroeletr\u00f4nicos \u00e9 uma necessidade estrat\u00e9gica para empresas que desejam reduzir perdas e proteger seus produtos durante transporte e armazenamento.&nbsp; Muitas vezes, os gestores enfrentam problemas com avarias e custos extras pela escolha de embalagens &hellip; <\/p>\n","protected":false},"author":1,"featured_media":72,"comment_status":"open","ping_status":"open","sticky":false,"template":"","format":"standard","meta":{"footnotes":""},"categories":[98],"tags":[915,910,905,658,918,888,895,911,881,900,890,902,887,891,894,654,943,653,655,649,647,646,648,651,645,652,914,949,945,947,937,942,933,931,935,939,929,940,948,944,946,936,941,932,930,934,938,928,885,678,898,879,892,886,907,679,889,904,897,880,909,919,921,920,882,923,922,676,925,924,644,883,927,926,675,884,912,657,917,916,903,913,901,896,899,908,906,893],"class_list":["post-86","post","type-post","status-publish","format-standard","has-post-thumbnail","hentry","category-embalagens-para-eletroeletronicos","tag-como-escolher-embalagens-para-eletronicos","tag-como-personalizar-embalagens-para-eletronicos","tag-como-reduzir-perdas-com-embalagens-de-eletronicos","tag-comprar-embalagens-para-eletroeletronicos","tag-comprar-embalagens-para-produtos-eletroeletronicos","tag-custo-de-embalagens-para-eletronicos","tag-design-de-embalagens-para-eletroeletronicos","tag-embalagens-biodegradaveis-para-eletronicos-sao-duraveis","tag-embalagens-de-protecao-para-eletronicos","tag-embalagens-de-protecao-realmente-evitam-avarias","tag-embalagens-diretas-da-fabrica","tag-embalagens-diretas-da-fabrica-sao-mais-baratas","tag-embalagens-ecologicas-para-eletroeletronicos","tag-embalagens-eletronicas-sob-medida","tag-embalagens-inovadoras-para-eletronicos","tag-embalagens-para-eletroeletronicos-em-diadema","tag-embalagens-para-eletroeletronicos-em-ibiuna","tag-embalagens-para-eletroeletronicos-em-santo-andre","tag-embalagens-para-eletroeletronicos-em-sao-bernardo-do-campo","tag-embalagens-para-eletroeletronicos-em-sao-caetano-do-sul","tag-embalagens-para-eletroeletronicos-em-sao-paulo","tag-embalagens-para-eletroeletronicos-em-sp","tag-embalagens-para-eletroeletronicos-no-abc","tag-embalagens-para-eletroeletronicos-perto-de-mim","tag-embalagens-para-eletroeletronicos-preco","tag-embalagens-para-eletroeletronicos-proximo-a-mim","tag-embalagens-para-eletronicos-ajudam-na-imagem-da-marca","tag-embalagens-para-produtos-eletroeletronicos-em-diadema","tag-embalagens-para-produtos-eletroeletronicos-em-ibiuna","tag-embalagens-para-produtos-eletroeletronicos-em-santo-andre","tag-embalagens-para-produtos-eletroeletronicos-em-sao-bernardo-do-campo","tag-embalagens-para-produtos-eletroeletronicos-em-sao-caetano-do-sul","tag-embalagens-para-produtos-eletroeletronicos-em-sao-paulo","tag-embalagens-para-produtos-eletroeletronicos-em-sp","tag-embalagens-para-produtos-eletroeletronicos-no-abc","tag-embalagens-para-produtos-eletroeletronicos-perto-de-mim","tag-embalagens-para-produtos-eletroeletronicos-preco","tag-embalagens-para-produtos-eletroeletronicos-proximo-a-mim","tag-embalagens-para-produtos-eletronicos-em-diadema","tag-embalagens-para-produtos-eletronicos-em-ibiuna","tag-embalagens-para-produtos-eletronicos-em-santo-andre","tag-embalagens-para-produtos-eletronicos-em-sao-bernardo-do-campo","tag-embalagens-para-produtos-eletronicos-em-sao-caetano-do-sul","tag-embalagens-para-produtos-eletronicos-em-sao-paulo","tag-embalagens-para-produtos-eletronicos-em-sp","tag-embalagens-para-produtos-eletronicos-no-abc","tag-embalagens-para-produtos-eletronicos-perto-de-mim","tag-embalagens-para-produtos-eletronicos-preco","tag-embalagens-para-transporte-de-eletronicos","tag-embalagens-personalizadas-para-eletroeletronicos","tag-embalagens-personalizadas-para-eletronicos-valem-a-pena","tag-embalagens-plasticas-para-eletronicos","tag-embalagens-premium-para-eletronicos","tag-embalagens-reciclaveis-para-eletronicos","tag-embalagens-reciclaveis-para-eletronicos-sao-resistentes","tag-embalagens-resistentes-para-eletroeletronicos","tag-embalagens-seguras-para-eletronicos","tag-embalagens-sob-medida-aumentam-vendas","tag-embalagens-sustentaveis-para-eletroeletronicos-funcionam","tag-embalagens-sustentaveis-para-eletronicos","tag-embalagens-transparentes-ajudam-nas-vendas","tag-empresa-de-embalagens-para-eletroeletronicos","tag-empresa-de-embalagens-para-produtos-eletroeletronicos","tag-empresa-de-embalagens-para-produtos-eletronicos","tag-fabrica-de-embalagens-para-eletroeletronicos","tag-fabrica-de-embalagens-para-produtos-eletroeletronicos","tag-fabrica-de-embalagens-para-produtos-eletronicos","tag-fabricante-de-embalagens-para-eletroeletronicos","tag-fabricante-de-embalagens-para-produtos-eletroeletronicos","tag-fabricante-de-embalagens-para-produtos-eletronicos","tag-fornecedor-de-embalagens-para-eletroeletronicos","tag-fornecedor-de-embalagens-para-eletronicos","tag-fornecedor-de-embalagens-para-produtos-eletroeletronicos","tag-fornecedor-de-embalagens-para-produtos-eletronicos","tag-onde-comprar-embalagens-para-eletroeletronicos","tag-onde-comprar-embalagens-para-eletronicos","tag-onde-encontrar-embalagens","tag-onde-encontrar-embalagens-para-eletroeletronicos","tag-onde-encontrar-embalagens-para-produtos-eletroeletronicos","tag-onde-encontrar-embalagens-para-produtos-eletronicos","tag-onde-encontrar-embalagens-seguras-para-transporte-de-eletronicos","tag-premium-para-eletronicos","tag-quais-materiais-sao-usados-em-embalagens-de-eletronicos","tag-qual-a-melhor-embalagem-para-eletronicos","tag-qual-a-vantagem-de-embalagens-plasticas-para-eletronicos","tag-qual-fornecedor-de-embalagens-para-eletronicos-e-confiavel","tag-qual-o-preco-medio-de-embalagens-para-eletronicos","tag-solucoes-em-embalagens-para-eletroeletronicos","latest_post"],"yoast_head":"<!-- This site is optimized with the Yoast SEO plugin v23.0 - https:\/\/yoast.com\/wordpress\/plugins\/seo\/ -->\n<title>Comprar embalagens para eletroeletr\u00f4nicos direto da f\u00e1brica<\/title>\n<meta name=\"description\" content=\"Comprar embalagens para eletroeletr\u00f4nicos direto da f\u00e1brica com qualidade, personaliza\u00e7\u00e3o e custo competitivo para valorizar seus produtos.\" \/>\n<meta name=\"robots\" content=\"index, follow, max-snippet:-1, max-image-preview:large, max-video-preview:-1\" \/>\n<link rel=\"canonical\" href=\"https:\/\/www.blisterembalagens.com.br\/blog\/2025\/09\/22\/onde-comprar-embalagens-para-eletroeletronicos\/\" \/>\n<meta property=\"og:locale\" content=\"pt_BR\" \/>\n<meta property=\"og:type\" content=\"article\" \/>\n<meta property=\"og:title\" content=\"Comprar embalagens para eletroeletr\u00f4nicos direto da f\u00e1brica\" \/>\n<meta property=\"og:description\" content=\"Comprar embalagens para eletroeletr\u00f4nicos direto da f\u00e1brica com qualidade, personaliza\u00e7\u00e3o e custo competitivo para valorizar seus produtos.\" \/>\n<meta property=\"og:url\" content=\"https:\/\/www.blisterembalagens.com.br\/blog\/2025\/09\/22\/onde-comprar-embalagens-para-eletroeletronicos\/\" \/>\n<meta property=\"og:site_name\" content=\"Blog Blister Embalagens\" \/>\n<meta property=\"article:published_time\" content=\"2025-09-22T19:36:33+00:00\" \/>\n<meta property=\"article:modified_time\" content=\"2025-09-22T19:37:21+00:00\" \/>\n<meta property=\"og:image\" content=\"https:\/\/www.blisterembalagens.com.br\/blog\/wp-content\/uploads\/2025\/05\/embalagens-para-eletro-eletronicos.jpg\" \/>\n\t<meta property=\"og:image:width\" content=\"689\" \/>\n\t<meta property=\"og:image:height\" content=\"689\" \/>\n\t<meta property=\"og:image:type\" content=\"image\/jpeg\" \/>\n<meta name=\"author\" content=\"admin\" \/>\n<meta name=\"twitter:card\" content=\"summary_large_image\" \/>\n<meta name=\"twitter:label1\" content=\"Escrito por\" \/>\n\t<meta name=\"twitter:data1\" content=\"admin\" \/>\n\t<meta name=\"twitter:label2\" content=\"Est. tempo de leitura\" \/>\n\t<meta name=\"twitter:data2\" content=\"5 minutos\" \/>\n<script type=\"application\/ld+json\" class=\"yoast-schema-graph\">{\"@context\":\"https:\/\/schema.org\",\"@graph\":[{\"@type\":\"Article\",\"@id\":\"https:\/\/www.blisterembalagens.com.br\/blog\/2025\/09\/22\/onde-comprar-embalagens-para-eletroeletronicos\/#article\",\"isPartOf\":{\"@id\":\"https:\/\/www.blisterembalagens.com.br\/blog\/2025\/09\/22\/onde-comprar-embalagens-para-eletroeletronicos\/\"},\"author\":{\"name\":\"admin\",\"@id\":\"https:\/\/www.blisterembalagens.com.br\/blog\/#\/schema\/person\/253ada14a116810f6a653676741c4fee\"},\"headline\":\"Onde comprar embalagens para eletroeletr\u00f4nicos direto da f\u00e1brica\",\"datePublished\":\"2025-09-22T19:36:33+00:00\",\"dateModified\":\"2025-09-22T19:37:21+00:00\",\"mainEntityOfPage\":{\"@id\":\"https:\/\/www.blisterembalagens.com.br\/blog\/2025\/09\/22\/onde-comprar-embalagens-para-eletroeletronicos\/\"},\"wordCount\":954,\"commentCount\":0,\"publisher\":{\"@id\":\"https:\/\/www.blisterembalagens.com.br\/blog\/#organization\"},\"image\":{\"@id\":\"https:\/\/www.blisterembalagens.com.br\/blog\/2025\/09\/22\/onde-comprar-embalagens-para-eletroeletronicos\/#primaryimage\"},\"thumbnailUrl\":\"https:\/\/www.blisterembalagens.com.br\/blog\/wp-content\/uploads\/2025\/05\/embalagens-para-eletro-eletronicos.jpg\",\"keywords\":[\"como escolher embalagens para eletr\u00f4nicos\",\"como personalizar embalagens para eletr\u00f4nicos\",\"como reduzir perdas com embalagens de eletr\u00f4nicos\",\"comprar embalagens para eletroeletr\u00f4nicos\",\"comprar embalagens para produtos eletroeletr\u00f4nicos\",\"custo de embalagens para eletr\u00f4nicos\",\"design de embalagens para eletroeletr\u00f4nicos\",\"embalagens biodegrad\u00e1veis para eletr\u00f4nicos s\u00e3o dur\u00e1veis\",\"embalagens de prote\u00e7\u00e3o para eletr\u00f4nicos\",\"embalagens de prote\u00e7\u00e3o realmente evitam avarias\",\"embalagens diretas da f\u00e1brica\",\"embalagens diretas da f\u00e1brica s\u00e3o mais baratas\",\"embalagens ecol\u00f3gicas para eletroeletr\u00f4nicos\",\"embalagens eletr\u00f4nicas sob medida\",\"embalagens inovadoras para eletr\u00f4nicos\",\"embalagens para eletroeletr\u00f4nicos em Diadema\",\"embalagens para eletroeletr\u00f4nicos em Ibi\u00fana\",\"embalagens para eletroeletr\u00f4nicos em Santo Andr\u00e9\",\"embalagens para eletroeletr\u00f4nicos em S\u00e3o Bernardo do Campo\",\"embalagens para eletroeletr\u00f4nicos em S\u00e3o Caetano do Sul\",\"embalagens para eletroeletr\u00f4nicos em s\u00e3o paulo\",\"embalagens para eletroeletr\u00f4nicos em sp\",\"embalagens para eletroeletr\u00f4nicos no ABC\",\"embalagens para eletroeletr\u00f4nicos perto de mim\",\"embalagens para eletroeletr\u00f4nicos pre\u00e7o\",\"embalagens para eletroeletr\u00f4nicos pr\u00f3ximo a mim\",\"embalagens para eletr\u00f4nicos ajudam na imagem da marca\",\"embalagens para produtos eletroeletr\u00f4nicos em Diadema\",\"embalagens para produtos eletroeletr\u00f4nicos em Ibi\u00fana\",\"embalagens para produtos eletroeletr\u00f4nicos em Santo Andr\u00e9\",\"embalagens para produtos eletroeletr\u00f4nicos em S\u00e3o Bernardo do Campo\",\"embalagens para produtos eletroeletr\u00f4nicos em S\u00e3o Caetano do Sul\",\"embalagens para produtos eletroeletr\u00f4nicos em s\u00e3o paulo\",\"embalagens para produtos eletroeletr\u00f4nicos em sp\",\"embalagens para produtos eletroeletr\u00f4nicos no ABC\",\"embalagens para produtos eletroeletr\u00f4nicos perto de mim\",\"embalagens para produtos eletroeletr\u00f4nicos pre\u00e7o\",\"embalagens para produtos eletroeletr\u00f4nicos pr\u00f3ximo a mim\",\"embalagens para produtos eletr\u00f4nicos em Diadema\",\"embalagens para produtos eletr\u00f4nicos em Ibi\u00fana\",\"embalagens para produtos eletr\u00f4nicos em Santo Andr\u00e9\",\"embalagens para produtos eletr\u00f4nicos em S\u00e3o Bernardo do Campo\",\"embalagens para produtos eletr\u00f4nicos em S\u00e3o Caetano do Sul\",\"embalagens para produtos eletr\u00f4nicos em s\u00e3o paulo\",\"embalagens para produtos eletr\u00f4nicos em sp\",\"embalagens para produtos eletr\u00f4nicos no ABC\",\"embalagens para produtos eletr\u00f4nicos perto de mim\",\"embalagens para produtos eletr\u00f4nicos pre\u00e7o\",\"embalagens para transporte de eletr\u00f4nicos\",\"embalagens personalizadas para eletroeletr\u00f4nicos\",\"embalagens personalizadas para eletr\u00f4nicos valem a pena\",\"embalagens pl\u00e1sticas para eletr\u00f4nicos\",\"embalagens premium para eletr\u00f4nicos\",\"embalagens recicl\u00e1veis para eletr\u00f4nicos\",\"embalagens recicl\u00e1veis para eletr\u00f4nicos s\u00e3o resistentes\",\"embalagens resistentes para eletroeletr\u00f4nicos\",\"embalagens seguras para eletr\u00f4nicos\",\"embalagens sob medida aumentam vendas\",\"embalagens sustent\u00e1veis para eletroeletr\u00f4nicos funcionam\",\"embalagens sustent\u00e1veis para eletr\u00f4nicos\",\"embalagens transparentes ajudam nas vendas\",\"empresa de embalagens para eletroeletr\u00f4nicos\",\"empresa de embalagens para produtos eletroeletr\u00f4nicos\",\"empresa de embalagens para produtos eletr\u00f4nicos\",\"f\u00e1brica de embalagens para eletroeletr\u00f4nicos\",\"f\u00e1brica de embalagens para produtos eletroeletr\u00f4nicos\",\"f\u00e1brica de embalagens para produtos eletr\u00f4nicos\",\"fabricante de embalagens para eletroeletr\u00f4nicos\",\"fabricante de embalagens para produtos eletroeletr\u00f4nicos\",\"fabricante de embalagens para produtos eletr\u00f4nicos\",\"fornecedor de embalagens para eletroeletr\u00f4nicos\",\"fornecedor de embalagens para eletr\u00f4nicos\",\"fornecedor de embalagens para produtos eletroeletr\u00f4nicos\",\"fornecedor de embalagens para produtos eletr\u00f4nicos\",\"onde comprar embalagens para eletroeletr\u00f4nicos\",\"onde comprar embalagens para eletr\u00f4nicos\",\"onde encontrar embalagens\",\"onde encontrar embalagens para eletroeletr\u00f4nicos\",\"onde encontrar embalagens para produtos eletroeletr\u00f4nicos\",\"onde encontrar embalagens para produtos eletr\u00f4nicos\",\"onde encontrar embalagens seguras para transporte de eletr\u00f4nicos\",\"premium para eletr\u00f4nicos\",\"quais materiais s\u00e3o usados em embalagens de eletr\u00f4nicos\",\"qual a melhor embalagem para eletr\u00f4nicos\",\"qual a vantagem de embalagens pl\u00e1sticas para eletr\u00f4nicos\",\"qual fornecedor de embalagens para eletr\u00f4nicos \u00e9 confi\u00e1vel\",\"qual o pre\u00e7o m\u00e9dio de embalagens para eletr\u00f4nicos\",\"solu\u00e7\u00f5es em embalagens para eletroeletr\u00f4nicos\"],\"articleSection\":[\"Embalagens para eletroeletr\u00f4nicos\"],\"inLanguage\":\"pt-BR\",\"potentialAction\":[{\"@type\":\"CommentAction\",\"name\":\"Comment\",\"target\":[\"https:\/\/www.blisterembalagens.com.br\/blog\/2025\/09\/22\/onde-comprar-embalagens-para-eletroeletronicos\/#respond\"]}]},{\"@type\":\"WebPage\",\"@id\":\"https:\/\/www.blisterembalagens.com.br\/blog\/2025\/09\/22\/onde-comprar-embalagens-para-eletroeletronicos\/\",\"url\":\"https:\/\/www.blisterembalagens.com.br\/blog\/2025\/09\/22\/onde-comprar-embalagens-para-eletroeletronicos\/\",\"name\":\"Comprar embalagens para eletroeletr\u00f4nicos direto da f\u00e1brica\",\"isPartOf\":{\"@id\":\"https:\/\/www.blisterembalagens.com.br\/blog\/#website\"},\"primaryImageOfPage\":{\"@id\":\"https:\/\/www.blisterembalagens.com.br\/blog\/2025\/09\/22\/onde-comprar-embalagens-para-eletroeletronicos\/#primaryimage\"},\"image\":{\"@id\":\"https:\/\/www.blisterembalagens.com.br\/blog\/2025\/09\/22\/onde-comprar-embalagens-para-eletroeletronicos\/#primaryimage\"},\"thumbnailUrl\":\"https:\/\/www.blisterembalagens.com.br\/blog\/wp-content\/uploads\/2025\/05\/embalagens-para-eletro-eletronicos.jpg\",\"datePublished\":\"2025-09-22T19:36:33+00:00\",\"dateModified\":\"2025-09-22T19:37:21+00:00\",\"description\":\"Comprar embalagens para eletroeletr\u00f4nicos direto da f\u00e1brica com qualidade, personaliza\u00e7\u00e3o e custo competitivo para valorizar seus produtos.\",\"breadcrumb\":{\"@id\":\"https:\/\/www.blisterembalagens.com.br\/blog\/2025\/09\/22\/onde-comprar-embalagens-para-eletroeletronicos\/#breadcrumb\"},\"inLanguage\":\"pt-BR\",\"potentialAction\":[{\"@type\":\"ReadAction\",\"target\":[\"https:\/\/www.blisterembalagens.com.br\/blog\/2025\/09\/22\/onde-comprar-embalagens-para-eletroeletronicos\/\"]}]},{\"@type\":\"ImageObject\",\"inLanguage\":\"pt-BR\",\"@id\":\"https:\/\/www.blisterembalagens.com.br\/blog\/2025\/09\/22\/onde-comprar-embalagens-para-eletroeletronicos\/#primaryimage\",\"url\":\"https:\/\/www.blisterembalagens.com.br\/blog\/wp-content\/uploads\/2025\/05\/embalagens-para-eletro-eletronicos.jpg\",\"contentUrl\":\"https:\/\/www.blisterembalagens.com.br\/blog\/wp-content\/uploads\/2025\/05\/embalagens-para-eletro-eletronicos.jpg\",\"width\":689,\"height\":689,\"caption\":\"Onde comprar embalagens para eletroeletr\u00f4nicos direto da f\u00e1brica\"},{\"@type\":\"BreadcrumbList\",\"@id\":\"https:\/\/www.blisterembalagens.com.br\/blog\/2025\/09\/22\/onde-comprar-embalagens-para-eletroeletronicos\/#breadcrumb\",\"itemListElement\":[{\"@type\":\"ListItem\",\"position\":1,\"name\":\"In\u00edcio\",\"item\":\"https:\/\/www.blisterembalagens.com.br\/blog\/\"},{\"@type\":\"ListItem\",\"position\":2,\"name\":\"Onde comprar embalagens para eletroeletr\u00f4nicos direto da f\u00e1brica\"}]},{\"@type\":\"WebSite\",\"@id\":\"https:\/\/www.blisterembalagens.com.br\/blog\/#website\",\"url\":\"https:\/\/www.blisterembalagens.com.br\/blog\/\",\"name\":\"Blog Blister Embalagens\",\"description\":\"Refer\u00eancia em embalagens para alimentos\",\"publisher\":{\"@id\":\"https:\/\/www.blisterembalagens.com.br\/blog\/#organization\"},\"potentialAction\":[{\"@type\":\"SearchAction\",\"target\":{\"@type\":\"EntryPoint\",\"urlTemplate\":\"https:\/\/www.blisterembalagens.com.br\/blog\/?s={search_term_string}\"},\"query-input\":\"required name=search_term_string\"}],\"inLanguage\":\"pt-BR\"},{\"@type\":\"Organization\",\"@id\":\"https:\/\/www.blisterembalagens.com.br\/blog\/#organization\",\"name\":\"Blog Blister Embalagens\",\"url\":\"https:\/\/www.blisterembalagens.com.br\/blog\/\",\"logo\":{\"@type\":\"ImageObject\",\"inLanguage\":\"pt-BR\",\"@id\":\"https:\/\/www.blisterembalagens.com.br\/blog\/#\/schema\/logo\/image\/\",\"url\":\"https:\/\/www.blisterembalagens.com.br\/blog\/wp-content\/uploads\/2024\/07\/logo.webp\",\"contentUrl\":\"https:\/\/www.blisterembalagens.com.br\/blog\/wp-content\/uploads\/2024\/07\/logo.webp\",\"width\":92,\"height\":73,\"caption\":\"Blog Blister Embalagens\"},\"image\":{\"@id\":\"https:\/\/www.blisterembalagens.com.br\/blog\/#\/schema\/logo\/image\/\"}},{\"@type\":\"Person\",\"@id\":\"https:\/\/www.blisterembalagens.com.br\/blog\/#\/schema\/person\/253ada14a116810f6a653676741c4fee\",\"name\":\"admin\",\"image\":{\"@type\":\"ImageObject\",\"inLanguage\":\"pt-BR\",\"@id\":\"https:\/\/www.blisterembalagens.com.br\/blog\/#\/schema\/person\/image\/\",\"url\":\"https:\/\/secure.gravatar.com\/avatar\/f3273dd18d95bc19d51d3e6356e4a679e6f13824497272a270e7bb540b0abb9d?s=96&d=mm&r=g\",\"contentUrl\":\"https:\/\/secure.gravatar.com\/avatar\/f3273dd18d95bc19d51d3e6356e4a679e6f13824497272a270e7bb540b0abb9d?s=96&d=mm&r=g\",\"caption\":\"admin\"},\"sameAs\":[\"https:\/\/www.blisterembalagens.com.br\/blog\"],\"url\":\"https:\/\/www.blisterembalagens.com.br\/blog\/author\/admin\/\"}]}<\/script>\n<!-- \/ Yoast SEO plugin. -->","yoast_head_json":{"title":"Comprar embalagens para eletroeletr\u00f4nicos direto da f\u00e1brica","description":"Comprar embalagens para eletroeletr\u00f4nicos direto da f\u00e1brica com qualidade, personaliza\u00e7\u00e3o e custo competitivo para valorizar seus produtos.","robots":{"index":"index","follow":"follow","max-snippet":"max-snippet:-1","max-image-preview":"max-image-preview:large","max-video-preview":"max-video-preview:-1"},"canonical":"https:\/\/www.blisterembalagens.com.br\/blog\/2025\/09\/22\/onde-comprar-embalagens-para-eletroeletronicos\/","og_locale":"pt_BR","og_type":"article","og_title":"Comprar embalagens para eletroeletr\u00f4nicos direto da f\u00e1brica","og_description":"Comprar embalagens para eletroeletr\u00f4nicos direto da f\u00e1brica com qualidade, personaliza\u00e7\u00e3o e custo competitivo para valorizar seus produtos.","og_url":"https:\/\/www.blisterembalagens.com.br\/blog\/2025\/09\/22\/onde-comprar-embalagens-para-eletroeletronicos\/","og_site_name":"Blog Blister Embalagens","article_published_time":"2025-09-22T19:36:33+00:00","article_modified_time":"2025-09-22T19:37:21+00:00","og_image":[{"width":689,"height":689,"url":"https:\/\/www.blisterembalagens.com.br\/blog\/wp-content\/uploads\/2025\/05\/embalagens-para-eletro-eletronicos.jpg","type":"image\/jpeg"}],"author":"admin","twitter_card":"summary_large_image","twitter_misc":{"Escrito por":"admin","Est. tempo de leitura":"5 minutos"},"schema":{"@context":"https:\/\/schema.org","@graph":[{"@type":"Article","@id":"https:\/\/www.blisterembalagens.com.br\/blog\/2025\/09\/22\/onde-comprar-embalagens-para-eletroeletronicos\/#article","isPartOf":{"@id":"https:\/\/www.blisterembalagens.com.br\/blog\/2025\/09\/22\/onde-comprar-embalagens-para-eletroeletronicos\/"},"author":{"name":"admin","@id":"https:\/\/www.blisterembalagens.com.br\/blog\/#\/schema\/person\/253ada14a116810f6a653676741c4fee"},"headline":"Onde comprar embalagens para eletroeletr\u00f4nicos direto da f\u00e1brica","datePublished":"2025-09-22T19:36:33+00:00","dateModified":"2025-09-22T19:37:21+00:00","mainEntityOfPage":{"@id":"https:\/\/www.blisterembalagens.com.br\/blog\/2025\/09\/22\/onde-comprar-embalagens-para-eletroeletronicos\/"},"wordCount":954,"commentCount":0,"publisher":{"@id":"https:\/\/www.blisterembalagens.com.br\/blog\/#organization"},"image":{"@id":"https:\/\/www.blisterembalagens.com.br\/blog\/2025\/09\/22\/onde-comprar-embalagens-para-eletroeletronicos\/#primaryimage"},"thumbnailUrl":"https:\/\/www.blisterembalagens.com.br\/blog\/wp-content\/uploads\/2025\/05\/embalagens-para-eletro-eletronicos.jpg","keywords":["como escolher embalagens para eletr\u00f4nicos","como personalizar embalagens para eletr\u00f4nicos","como reduzir perdas com embalagens de eletr\u00f4nicos","comprar embalagens para eletroeletr\u00f4nicos","comprar embalagens para produtos eletroeletr\u00f4nicos","custo de embalagens para eletr\u00f4nicos","design de embalagens para eletroeletr\u00f4nicos","embalagens biodegrad\u00e1veis para eletr\u00f4nicos s\u00e3o dur\u00e1veis","embalagens de prote\u00e7\u00e3o para eletr\u00f4nicos","embalagens de prote\u00e7\u00e3o realmente evitam avarias","embalagens diretas da f\u00e1brica","embalagens diretas da f\u00e1brica s\u00e3o mais baratas","embalagens ecol\u00f3gicas para eletroeletr\u00f4nicos","embalagens eletr\u00f4nicas sob medida","embalagens inovadoras para eletr\u00f4nicos","embalagens para eletroeletr\u00f4nicos em Diadema","embalagens para eletroeletr\u00f4nicos em Ibi\u00fana","embalagens para eletroeletr\u00f4nicos em Santo Andr\u00e9","embalagens para eletroeletr\u00f4nicos em S\u00e3o Bernardo do Campo","embalagens para eletroeletr\u00f4nicos em S\u00e3o Caetano do Sul","embalagens para eletroeletr\u00f4nicos em s\u00e3o paulo","embalagens para eletroeletr\u00f4nicos em sp","embalagens para eletroeletr\u00f4nicos no ABC","embalagens para eletroeletr\u00f4nicos perto de mim","embalagens para eletroeletr\u00f4nicos pre\u00e7o","embalagens para eletroeletr\u00f4nicos pr\u00f3ximo a mim","embalagens para eletr\u00f4nicos ajudam na imagem da marca","embalagens para produtos eletroeletr\u00f4nicos em Diadema","embalagens para produtos eletroeletr\u00f4nicos em Ibi\u00fana","embalagens para produtos eletroeletr\u00f4nicos em Santo Andr\u00e9","embalagens para produtos eletroeletr\u00f4nicos em S\u00e3o Bernardo do Campo","embalagens para produtos eletroeletr\u00f4nicos em S\u00e3o Caetano do Sul","embalagens para produtos eletroeletr\u00f4nicos em s\u00e3o paulo","embalagens para produtos eletroeletr\u00f4nicos em sp","embalagens para produtos eletroeletr\u00f4nicos no ABC","embalagens para produtos eletroeletr\u00f4nicos perto de mim","embalagens para produtos eletroeletr\u00f4nicos pre\u00e7o","embalagens para produtos eletroeletr\u00f4nicos pr\u00f3ximo a mim","embalagens para produtos eletr\u00f4nicos em Diadema","embalagens para produtos eletr\u00f4nicos em Ibi\u00fana","embalagens para produtos eletr\u00f4nicos em Santo Andr\u00e9","embalagens para produtos eletr\u00f4nicos em S\u00e3o Bernardo do Campo","embalagens para produtos eletr\u00f4nicos em S\u00e3o Caetano do Sul","embalagens para produtos eletr\u00f4nicos em s\u00e3o paulo","embalagens para produtos eletr\u00f4nicos em sp","embalagens para produtos eletr\u00f4nicos no ABC","embalagens para produtos eletr\u00f4nicos perto de mim","embalagens para produtos eletr\u00f4nicos pre\u00e7o","embalagens para transporte de eletr\u00f4nicos","embalagens personalizadas para eletroeletr\u00f4nicos","embalagens personalizadas para eletr\u00f4nicos valem a pena","embalagens pl\u00e1sticas para eletr\u00f4nicos","embalagens premium para eletr\u00f4nicos","embalagens recicl\u00e1veis para eletr\u00f4nicos","embalagens recicl\u00e1veis para eletr\u00f4nicos s\u00e3o resistentes","embalagens resistentes para eletroeletr\u00f4nicos","embalagens seguras para eletr\u00f4nicos","embalagens sob medida aumentam vendas","embalagens sustent\u00e1veis para eletroeletr\u00f4nicos funcionam","embalagens sustent\u00e1veis para eletr\u00f4nicos","embalagens transparentes ajudam nas vendas","empresa de embalagens para eletroeletr\u00f4nicos","empresa de embalagens para produtos eletroeletr\u00f4nicos","empresa de embalagens para produtos eletr\u00f4nicos","f\u00e1brica de embalagens para eletroeletr\u00f4nicos","f\u00e1brica de embalagens para produtos eletroeletr\u00f4nicos","f\u00e1brica de embalagens para produtos eletr\u00f4nicos","fabricante de embalagens para eletroeletr\u00f4nicos","fabricante de embalagens para produtos eletroeletr\u00f4nicos","fabricante de embalagens para produtos eletr\u00f4nicos","fornecedor de embalagens para eletroeletr\u00f4nicos","fornecedor de embalagens para eletr\u00f4nicos","fornecedor de embalagens para produtos eletroeletr\u00f4nicos","fornecedor de embalagens para produtos eletr\u00f4nicos","onde comprar embalagens para eletroeletr\u00f4nicos","onde comprar embalagens para eletr\u00f4nicos","onde encontrar embalagens","onde encontrar embalagens para eletroeletr\u00f4nicos","onde encontrar embalagens para produtos eletroeletr\u00f4nicos","onde encontrar embalagens para produtos eletr\u00f4nicos","onde encontrar embalagens seguras para transporte de eletr\u00f4nicos","premium para eletr\u00f4nicos","quais materiais s\u00e3o usados em embalagens de eletr\u00f4nicos","qual a melhor embalagem para eletr\u00f4nicos","qual a vantagem de embalagens pl\u00e1sticas para eletr\u00f4nicos","qual fornecedor de embalagens para eletr\u00f4nicos \u00e9 confi\u00e1vel","qual o pre\u00e7o m\u00e9dio de embalagens para eletr\u00f4nicos","solu\u00e7\u00f5es em embalagens para eletroeletr\u00f4nicos"],"articleSection":["Embalagens para eletroeletr\u00f4nicos"],"inLanguage":"pt-BR","potentialAction":[{"@type":"CommentAction","name":"Comment","target":["https:\/\/www.blisterembalagens.com.br\/blog\/2025\/09\/22\/onde-comprar-embalagens-para-eletroeletronicos\/#respond"]}]},{"@type":"WebPage","@id":"https:\/\/www.blisterembalagens.com.br\/blog\/2025\/09\/22\/onde-comprar-embalagens-para-eletroeletronicos\/","url":"https:\/\/www.blisterembalagens.com.br\/blog\/2025\/09\/22\/onde-comprar-embalagens-para-eletroeletronicos\/","name":"Comprar embalagens para eletroeletr\u00f4nicos direto da f\u00e1brica","isPartOf":{"@id":"https:\/\/www.blisterembalagens.com.br\/blog\/#website"},"primaryImageOfPage":{"@id":"https:\/\/www.blisterembalagens.com.br\/blog\/2025\/09\/22\/onde-comprar-embalagens-para-eletroeletronicos\/#primaryimage"},"image":{"@id":"https:\/\/www.blisterembalagens.com.br\/blog\/2025\/09\/22\/onde-comprar-embalagens-para-eletroeletronicos\/#primaryimage"},"thumbnailUrl":"https:\/\/www.blisterembalagens.com.br\/blog\/wp-content\/uploads\/2025\/05\/embalagens-para-eletro-eletronicos.jpg","datePublished":"2025-09-22T19:36:33+00:00","dateModified":"2025-09-22T19:37:21+00:00","description":"Comprar embalagens para eletroeletr\u00f4nicos direto da f\u00e1brica com qualidade, personaliza\u00e7\u00e3o e custo competitivo para valorizar seus produtos.","breadcrumb":{"@id":"https:\/\/www.blisterembalagens.com.br\/blog\/2025\/09\/22\/onde-comprar-embalagens-para-eletroeletronicos\/#breadcrumb"},"inLanguage":"pt-BR","potentialAction":[{"@type":"ReadAction","target":["https:\/\/www.blisterembalagens.com.br\/blog\/2025\/09\/22\/onde-comprar-embalagens-para-eletroeletronicos\/"]}]},{"@type":"ImageObject","inLanguage":"pt-BR","@id":"https:\/\/www.blisterembalagens.com.br\/blog\/2025\/09\/22\/onde-comprar-embalagens-para-eletroeletronicos\/#primaryimage","url":"https:\/\/www.blisterembalagens.com.br\/blog\/wp-content\/uploads\/2025\/05\/embalagens-para-eletro-eletronicos.jpg","contentUrl":"https:\/\/www.blisterembalagens.com.br\/blog\/wp-content\/uploads\/2025\/05\/embalagens-para-eletro-eletronicos.jpg","width":689,"height":689,"caption":"Onde comprar embalagens para eletroeletr\u00f4nicos direto da f\u00e1brica"},{"@type":"BreadcrumbList","@id":"https:\/\/www.blisterembalagens.com.br\/blog\/2025\/09\/22\/onde-comprar-embalagens-para-eletroeletronicos\/#breadcrumb","itemListElement":[{"@type":"ListItem","position":1,"name":"In\u00edcio","item":"https:\/\/www.blisterembalagens.com.br\/blog\/"},{"@type":"ListItem","position":2,"name":"Onde comprar embalagens para eletroeletr\u00f4nicos direto da f\u00e1brica"}]},{"@type":"WebSite","@id":"https:\/\/www.blisterembalagens.com.br\/blog\/#website","url":"https:\/\/www.blisterembalagens.com.br\/blog\/","name":"Blog Blister Embalagens","description":"Refer\u00eancia em embalagens para alimentos","publisher":{"@id":"https:\/\/www.blisterembalagens.com.br\/blog\/#organization"},"potentialAction":[{"@type":"SearchAction","target":{"@type":"EntryPoint","urlTemplate":"https:\/\/www.blisterembalagens.com.br\/blog\/?s={search_term_string}"},"query-input":"required name=search_term_string"}],"inLanguage":"pt-BR"},{"@type":"Organization","@id":"https:\/\/www.blisterembalagens.com.br\/blog\/#organization","name":"Blog Blister Embalagens","url":"https:\/\/www.blisterembalagens.com.br\/blog\/","logo":{"@type":"ImageObject","inLanguage":"pt-BR","@id":"https:\/\/www.blisterembalagens.com.br\/blog\/#\/schema\/logo\/image\/","url":"https:\/\/www.blisterembalagens.com.br\/blog\/wp-content\/uploads\/2024\/07\/logo.webp","contentUrl":"https:\/\/www.blisterembalagens.com.br\/blog\/wp-content\/uploads\/2024\/07\/logo.webp","width":92,"height":73,"caption":"Blog Blister Embalagens"},"image":{"@id":"https:\/\/www.blisterembalagens.com.br\/blog\/#\/schema\/logo\/image\/"}},{"@type":"Person","@id":"https:\/\/www.blisterembalagens.com.br\/blog\/#\/schema\/person\/253ada14a116810f6a653676741c4fee","name":"admin","image":{"@type":"ImageObject","inLanguage":"pt-BR","@id":"https:\/\/www.blisterembalagens.com.br\/blog\/#\/schema\/person\/image\/","url":"https:\/\/secure.gravatar.com\/avatar\/f3273dd18d95bc19d51d3e6356e4a679e6f13824497272a270e7bb540b0abb9d?s=96&d=mm&r=g","contentUrl":"https:\/\/secure.gravatar.com\/avatar\/f3273dd18d95bc19d51d3e6356e4a679e6f13824497272a270e7bb540b0abb9d?s=96&d=mm&r=g","caption":"admin"},"sameAs":["https:\/\/www.blisterembalagens.com.br\/blog"],"url":"https:\/\/www.blisterembalagens.com.br\/blog\/author\/admin\/"}]}},"_links":{"self":[{"href":"https:\/\/www.blisterembalagens.com.br\/blog\/wp-json\/wp\/v2\/posts\/86","targetHints":{"allow":["GET"]}}],"collection":[{"href":"https:\/\/www.blisterembalagens.com.br\/blog\/wp-json\/wp\/v2\/posts"}],"about":[{"href":"https:\/\/www.blisterembalagens.com.br\/blog\/wp-json\/wp\/v2\/types\/post"}],"author":[{"embeddable":true,"href":"https:\/\/www.blisterembalagens.com.br\/blog\/wp-json\/wp\/v2\/users\/1"}],"replies":[{"embeddable":true,"href":"https:\/\/www.blisterembalagens.com.br\/blog\/wp-json\/wp\/v2\/comments?post=86"}],"version-history":[{"count":1,"href":"https:\/\/www.blisterembalagens.com.br\/blog\/wp-json\/wp\/v2\/posts\/86\/revisions"}],"predecessor-version":[{"id":87,"href":"https:\/\/www.blisterembalagens.com.br\/blog\/wp-json\/wp\/v2\/posts\/86\/revisions\/87"}],"wp:featuredmedia":[{"embeddable":true,"href":"https:\/\/www.blisterembalagens.com.br\/blog\/wp-json\/wp\/v2\/media\/72"}],"wp:attachment":[{"href":"https:\/\/www.blisterembalagens.com.br\/blog\/wp-json\/wp\/v2\/media?parent=86"}],"wp:term":[{"taxonomy":"category","embeddable":true,"href":"https:\/\/www.blisterembalagens.com.br\/blog\/wp-json\/wp\/v2\/categories?post=86"},{"taxonomy":"post_tag","embeddable":true,"href":"https:\/\/www.blisterembalagens.com.br\/blog\/wp-json\/wp\/v2\/tags?post=86"}],"curies":[{"name":"wp","href":"https:\/\/api.w.org\/{rel}","templated":true}]}}